[{"@context":"https:\/\/schema.org\/","@type":"Article","@id":"https:\/\/www.terranet.cz\/umite-neco-navic\/#Article","mainEntityOfPage":"https:\/\/www.terranet.cz\/umite-neco-navic\/","headline":"Um\u00edte n\u011bco nav\u00edc?","name":"Um\u00edte n\u011bco nav\u00edc?","description":"Z\u00e1le\u017e\u00ed na tom, co nav\u00edc by to samoz\u0159ejm\u011b m\u011blo b\u00fdt, proto ka\u017ed\u00fd n\u011bco um\u00ed. N\u011bkter\u00e9 \u017eeny um\u00ed va\u0159it, n\u011bkter\u00e9 dokonce&nbsp;[&hellip;]","datePublished":"2024-10-31","dateModified":"2024-10-31","author":{"@type":"Person","@id":"https:\/\/www.terranet.cz\/author\/#Person","name":"","url":"https:\/\/www.terranet.cz\/author\/","identifier":1,"image":{"@type":"ImageObject","@id":"https:\/\/secure.gravatar.com\/avatar\/087c2e57f451bc02fa8017914855d7c40cf6c7d5dc1637b868e007adc26322d1?s=96&d=mm&r=g","url":"https:\/\/secure.gravatar.com\/avatar\/087c2e57f451bc02fa8017914855d7c40cf6c7d5dc1637b868e007adc26322d1?s=96&d=mm&r=g","height":96,"width":96}},"publisher":{"@type":"Organization","name":"terranet.cz","logo":{"@type":"ImageObject","@id":"\/logo.png","url":"\/logo.png","width":600,"height":60}},"url":"https:\/\/www.terranet.cz\/umite-neco-navic\/","wordCount":295,"articleBody":"\tZ\u00e1le\u017e\u00ed na tom, co nav\u00edc by to samoz\u0159ejm\u011b m\u011blo b\u00fdt, proto ka\u017ed\u00fd n\u011bco um\u00ed. N\u011bkter\u00e9 \u017eeny um\u00ed va\u0159it, n\u011bkter\u00e9 dokonce i ukl\u00edzet a n\u011bkter\u00e9 to um\u00ed dohromady, ale to jsou sp\u00ed\u0161e v\u00fdjimky, jak tak v\u00a0dne\u0161n\u00edm sv\u011bt\u011b pozoruji, a to je m\u016fj osobn\u00ed n\u00e1hled na v\u011bc je\u0161t\u011b pom\u011brn\u011b mlad\u00fd, a do te\u010f byl velice optimistick\u00fd, ale konec takov\u00fdchto \u00favah, proto\u017ee i mu\u017ei n\u011bco um\u00ed, tak\u017ee je nesm\u00edme tak\u00e9 opomenout. N\u011bkte\u0159\u00ed um\u00ed pracovat, jin\u00ed skv\u011ble va\u0159it, ale to jsou zase v\u00fdjimky, ale z\u0159ejm\u011b v\u0161ichni um\u00edme par\u00e1dn\u011b leno\u0161it. Jenom si to p\u0159iznejme. Je mi tedy l\u00edto t\u011bch, kte\u0159\u00ed nikdy neleno\u0161\u00ed, a i o v\u00edkendu vst\u00e1vaj\u00ed brzo, aby v\u0161echno stihli ud\u011blat, a maj\u00ed neust\u00e1le n\u011bco na pr\u00e1ci, \u017ee na nic jin\u00e9ho nemaj\u00ed vlastn\u011b v\u016fbec \u010das.\tPr\u00e1ce jako kon\u00ed\u010dekLep\u0161\u00ed je to v\u00a0p\u0159\u00edpad\u011b, \u017ee m\u00e1te pr\u00e1ci jako kon\u00ed\u010dek. V\u00a0zam\u011bstn\u00e1n\u00ed pracujete s\u00a0vl\u00e1knov\u00fdm laserem, kter\u00fd je velice d\u016fle\u017eit\u00fd pro jist\u00e9 \u010d\u00e1sti. N\u011bkter\u00e9 dal\u0161\u00ed stroje se tak\u00e9 daj\u00ed velice dob\u0159e po\u0159\u00eddit a jsou \u00fa\u010deln\u00e9 a pot\u0159ebuj\u00ed se na podobn\u00e9 stroj\u00edrensk\u00e9 z\u00e1le\u017eitosti. Od toho jsou zde zam\u011bstn\u00e1n\u00ed, kter\u00e1 n\u00e1s zkr\u00e1tka bav\u00ed. Ov\u0161em m\u00e1lokdo z\u00a0lid\u00ed m\u00e1 sv\u00e9 zam\u011bstn\u00e1n\u00ed jako kon\u00ed\u010dka, to si sp\u00ed\u0161e najdeme n\u011bjakou pr\u00e1ci na zahrad\u011b nebo doma jako kon\u00ed\u010dka ne\u017e sv\u00e9 zam\u011bstn\u00e1n\u00ed, ve kter\u00e9m i tak tr\u00e1v\u00edme spoustu \u010dasu.\u00a0                                                                                                                                                                                                                                                                                                                                                                                        4.4\/5 - (7 votes)        "},{"@context":"https:\/\/schema.org\/","@type":"BreadcrumbList","itemListElement":[{"@type":"ListItem","position":1,"name":"Um\u00edte n\u011bco nav\u00edc?","item":"https:\/\/www.terranet.cz\/umite-neco-navic\/#breadcrumbitem"}]}]